{"id":3773,"date":"2022-06-01T19:23:05","date_gmt":"2022-06-01T17:23:05","guid":{"rendered":"https:\/\/www.realacademiabellasartessevilla.com\/?p=3773"},"modified":"2022-06-01T19:23:05","modified_gmt":"2022-06-01T17:23:05","slug":"video-sesion-de-ingreso-academico-correspondiente-por-bogota-colombia-de-la-ilma-sra-d-a-amparo-graciani-garcia","status":"publish","type":"post","link":"https:\/\/www.realacademiabellasartessevilla.com\/?p=3773","title":{"rendered":"Video Sesi\u00f3n de Ingreso Acad\u00e9mico Correspondiente por Bogot\u00e1, Colombia, de la Ilma. Sra. D.\u00aa Amparo Graciani Garc\u00eda."},"content":{"rendered":"<p>Ilma. Sra. D.\u00aa Amparo Graciani Garc\u00eda:\u00a0Discurso de ingreso: La Academia, los Acad\u00e9micos y la Exposici\u00f3n Iberoamericana. Un balance cr\u00edtico de los hechos.<\/p>\n<p>10 de mayo de 2022, Real Academia de Bellas Artes de Santa Isabel de Hungr\u00eda (Sevilla).<\/p>\n<p>Video realizado por ACCEPTUS Eventos Producciones Dise\u00f1o <a href=\"https:\/\/acceptus.es\/\">https:\/\/acceptus.es\/<\/a><\/p>\n<div class=\"epyt-video-wrapper\"><iframe loading=\"lazy\"  id=\"_ytid_53417\"  width=\"1080\" height=\"608\"  data-origwidth=\"1080\" data-origheight=\"608\" src=\"https:\/\/www.youtube.com\/embed\/8F43QXKj29U?enablejsapi=1&autoplay=0&cc_load_policy=0&cc_lang_pref=es&iv_load_policy=1&loop=0&rel=1&fs=1&playsinline=0&autohide=2&hl=es_ES&theme=dark&color=red&controls=1&disablekb=0&\" class=\"__youtube_prefs__  no-lazyload\" title=\"YouTube player\"  allow=\"fullscreen; accelerometer; autoplay; clipboard-write; encrypted-media; gyroscope; picture-in-picture; web-share\" referrerpolicy=\"strict-origin-when-cross-origin\" allowfullscreen data-no-lazy=\"1\" data-skipgform_ajax_framebjll=\"\"><\/iframe><\/div>\n","protected":false},"excerpt":{"rendered":"<p>Ilma. Sra. D.\u00aa Amparo Graciani Garc\u00eda:\u00a0Discurso de ingreso: La Academia, los Acad\u00e9micos y la Exposici\u00f3n Iberoamericana. Un balance cr\u00edtico de los hechos. 10 de mayo de 2022, Real Academia de Bellas Artes de Santa Isabel de Hungr\u00eda (Sevilla). Video realizado por ACCEPTUS Eventos Producciones Dise\u00f1o https:\/\/acceptus.es\/<\/p>\n","protected":false},"author":1,"featured_media":3771,"comment_status":"closed","ping_status":"closed","sticky":false,"template":"","format":"standard","meta":{"_jetpack_memberships_contains_paid_content":false,"footnotes":"","jetpack_publicize_message":"","jetpack_publicize_feature_enabled":true,"jetpack_social_post_already_shared":true,"jetpack_social_options":{"image_generator_settings":{"template":"highway","default_image_id":0,"font":"","enabled":false},"version":2}},"categories":[7,13],"tags":[],"class_list":["post-3773","post","type-post","status-publish","format-standard","has-post-thumbnail","hentry","category-actoacademico","category-conferencias"],"jetpack_publicize_connections":[],"jetpack_featured_media_url":"https:\/\/www.realacademiabellasartessevilla.com\/wp-content\/uploads\/2022\/06\/amparo.jpg","jetpack_sharing_enabled":true,"_links":{"self":[{"href":"https:\/\/www.realacademiabellasartessevilla.com\/index.php?rest_route=\/wp\/v2\/posts\/3773","targetHints":{"allow":["GET"]}}],"collection":[{"href":"https:\/\/www.realacademiabellasartessevilla.com\/index.php?rest_route=\/wp\/v2\/posts"}],"about":[{"href":"https:\/\/www.realacademiabellasartessevilla.com\/index.php?rest_route=\/wp\/v2\/types\/post"}],"author":[{"embeddable":true,"href":"https:\/\/www.realacademiabellasartessevilla.com\/index.php?rest_route=\/wp\/v2\/users\/1"}],"replies":[{"embeddable":true,"href":"https:\/\/www.realacademiabellasartessevilla.com\/index.php?rest_route=%2Fwp%2Fv2%2Fcomments&post=3773"}],"version-history":[{"count":2,"href":"https:\/\/www.realacademiabellasartessevilla.com\/index.php?rest_route=\/wp\/v2\/posts\/3773\/revisions"}],"predecessor-version":[{"id":3775,"href":"https:\/\/www.realacademiabellasartessevilla.com\/index.php?rest_route=\/wp\/v2\/posts\/3773\/revisions\/3775"}],"wp:featuredmedia":[{"embeddable":true,"href":"https:\/\/www.realacademiabellasartessevilla.com\/index.php?rest_route=\/wp\/v2\/media\/3771"}],"wp:attachment":[{"href":"https:\/\/www.realacademiabellasartessevilla.com\/index.php?rest_route=%2Fwp%2Fv2%2Fmedia&parent=3773"}],"wp:term":[{"taxonomy":"category","embeddable":true,"href":"https:\/\/www.realacademiabellasartessevilla.com\/index.php?rest_route=%2Fwp%2Fv2%2Fcategories&post=3773"},{"taxonomy":"post_tag","embeddable":true,"href":"https:\/\/www.realacademiabellasartessevilla.com\/index.php?rest_route=%2Fwp%2Fv2%2Ftags&post=3773"}],"curies":[{"name":"wp","href":"https:\/\/api.w.org\/{rel}","templated":true}]}}